{"id":417,"date":"2020-05-05T15:24:16","date_gmt":"2020-05-05T13:24:16","guid":{"rendered":"https:\/\/firma-markus-schwarz.de\/?p=417"},"modified":"2020-05-05T15:24:16","modified_gmt":"2020-05-05T13:24:16","slug":"dia-frischbeton-profi-supra","status":"publish","type":"post","link":"https:\/\/firma-markus-schwarz.de\/?p=417","title":{"rendered":"Dia Frischbeton Profi Supra"},"content":{"rendered":"\n<p>Premium Frischbetonscheibe <\/p>\n\n\n\n<div style=\"height:30px\" aria-hidden=\"true\" class=\"wp-block-spacer\"><\/div>\n\n\n\n<figure class=\"wp-block-image size-large\"><img fetchpriority=\"high\" decoding=\"async\" width=\"1024\" height=\"768\" src=\"https:\/\/firma-markus-schwarz.de\/wp-content\/uploads\/2020\/05\/Dia-Profi-Frischbeton-Supra-3-1024x768.jpg\" alt=\"\" class=\"wp-image-418\" srcset=\"https:\/\/firma-markus-schwarz.de\/wp-content\/uploads\/2020\/05\/Dia-Profi-Frischbeton-Supra-3-1024x768.jpg 1024w, https:\/\/firma-markus-schwarz.de\/wp-content\/uploads\/2020\/05\/Dia-Profi-Frischbeton-Supra-3-300x225.jpg 300w, https:\/\/firma-markus-schwarz.de\/wp-content\/uploads\/2020\/05\/Dia-Profi-Frischbeton-Supra-3-768x576.jpg 768w, https:\/\/firma-markus-schwarz.de\/wp-content\/uploads\/2020\/05\/Dia-Profi-Frischbeton-Supra-3-1536x1152.jpg 1536w, https:\/\/firma-markus-schwarz.de\/wp-content\/uploads\/2020\/05\/Dia-Profi-Frischbeton-Supra-3-2048x1536.jpg 2048w\" sizes=\"(max-width: 1024px) 100vw, 1024px\" \/><\/figure>\n\n\n\n<div style=\"height:30px\" aria-hidden=\"true\" class=\"wp-block-spacer\"><\/div>\n\n\n\n<p><strong>Beschreibung:<\/strong><\/p>\n\n\n\n<p>Segmenth\u00f6he 11mm<\/p>\n\n\n\n<p>Mit eingel\u00f6teten Kernschutz-Segment <\/p>\n\n\n\n<p>F\u00fcr Fugenschneider bis 25KW<\/p>\n\n\n\n<div style=\"height:33px\" aria-hidden=\"true\" class=\"wp-block-spacer\"><\/div>\n\n\n\n<p><strong>Anwendung:<\/strong><\/p>\n\n\n\n<p>Frischbeton bis zu 24 Stunden<\/p>\n\n\n\n<div style=\"height:30px\" aria-hidden=\"true\" class=\"wp-block-spacer\"><\/div>\n\n\n\n<p><strong>Maschinen:<\/strong><\/p>\n\n\n\n<p>Fugenscheider <\/p>\n\n\n\n<div style=\"height:100px\" aria-hidden=\"true\" class=\"wp-block-spacer\"><\/div>\n\n\n\n<figure class=\"wp-block-image size-large\"><img decoding=\"async\" width=\"1024\" height=\"768\" src=\"https:\/\/firma-markus-schwarz.de\/wp-content\/uploads\/2020\/05\/Dia-Profi-Frischbeton-Supra-2-1024x768.jpg\" alt=\"\" class=\"wp-image-419\" srcset=\"https:\/\/firma-markus-schwarz.de\/wp-content\/uploads\/2020\/05\/Dia-Profi-Frischbeton-Supra-2-1024x768.jpg 1024w, https:\/\/firma-markus-schwarz.de\/wp-content\/uploads\/2020\/05\/Dia-Profi-Frischbeton-Supra-2-300x225.jpg 300w, https:\/\/firma-markus-schwarz.de\/wp-content\/uploads\/2020\/05\/Dia-Profi-Frischbeton-Supra-2-768x576.jpg 768w, https:\/\/firma-markus-schwarz.de\/wp-content\/uploads\/2020\/05\/Dia-Profi-Frischbeton-Supra-2-1536x1152.jpg 1536w, https:\/\/firma-markus-schwarz.de\/wp-content\/uploads\/2020\/05\/Dia-Profi-Frischbeton-Supra-2-2048x1536.jpg 2048w\" sizes=\"(max-width: 1024px) 100vw, 1024px\" \/><\/figure>\n\n\n\n<figure class=\"wp-block-image size-large\"><img decoding=\"async\" width=\"1024\" height=\"768\" src=\"https:\/\/firma-markus-schwarz.de\/wp-content\/uploads\/2020\/05\/Dia-Profi-Frischbeton-Supra-1024x768.jpg\" alt=\"\" class=\"wp-image-420\" srcset=\"https:\/\/firma-markus-schwarz.de\/wp-content\/uploads\/2020\/05\/Dia-Profi-Frischbeton-Supra-1024x768.jpg 1024w, https:\/\/firma-markus-schwarz.de\/wp-content\/uploads\/2020\/05\/Dia-Profi-Frischbeton-Supra-300x225.jpg 300w, https:\/\/firma-markus-schwarz.de\/wp-content\/uploads\/2020\/05\/Dia-Profi-Frischbeton-Supra-768x576.jpg 768w, https:\/\/firma-markus-schwarz.de\/wp-content\/uploads\/2020\/05\/Dia-Profi-Frischbeton-Supra-1536x1152.jpg 1536w, https:\/\/firma-markus-schwarz.de\/wp-content\/uploads\/2020\/05\/Dia-Profi-Frischbeton-Supra-2048x1536.jpg 2048w\" sizes=\"(max-width: 1024px) 100vw, 1024px\" \/><\/figure>\n\n\n\n<div style=\"height:30px\" aria-hidden=\"true\" class=\"wp-block-spacer\"><\/div>\n\n\n<p style=\"text-align: center;\"><span style=\"color: #ff0000;\"><strong>DIE GEZEIGTE BILDER DIENEN NUR ALS REFERENZ, DAS TATS\u00c4CHLICHE PRODUKT KANN ABWEICHEN.<\/strong><\/span><\/p>","protected":false},"excerpt":{"rendered":"<p>Premium Frischbetonscheibe Beschreibung: Segmenth\u00f6he 11mm Mit eingel\u00f6teten Kernschutz-Segment F\u00fcr Fugenschneider bis 25KW Anwendung: Frischbeton bis zu 24 Stunden Maschinen: Fugenscheider DIE GEZEIGTE BILDER DIENEN NUR ALS REFERENZ, DAS TATS\u00c4CHLICHE PRODUKT KANN ABWEICHEN.<\/p>\n","protected":false},"author":1,"featured_media":418,"comment_status":"open","ping_status":"open","sticky":false,"template":"","format":"standard","meta":{"footnotes":""},"categories":[20],"tags":[],"class_list":["post-417","post","type-post","status-publish","format-standard","has-post-thumbnail","hentry","category-diamanttrenscheibe-spezial"],"_links":{"self":[{"href":"https:\/\/firma-markus-schwarz.de\/index.php?rest_route=\/wp\/v2\/posts\/417","targetHints":{"allow":["GET"]}}],"collection":[{"href":"https:\/\/firma-markus-schwarz.de\/index.php?rest_route=\/wp\/v2\/posts"}],"about":[{"href":"https:\/\/firma-markus-schwarz.de\/index.php?rest_route=\/wp\/v2\/types\/post"}],"author":[{"embeddable":true,"href":"https:\/\/firma-markus-schwarz.de\/index.php?rest_route=\/wp\/v2\/users\/1"}],"replies":[{"embeddable":true,"href":"https:\/\/firma-markus-schwarz.de\/index.php?rest_route=%2Fwp%2Fv2%2Fcomments&post=417"}],"version-history":[{"count":1,"href":"https:\/\/firma-markus-schwarz.de\/index.php?rest_route=\/wp\/v2\/posts\/417\/revisions"}],"predecessor-version":[{"id":421,"href":"https:\/\/firma-markus-schwarz.de\/index.php?rest_route=\/wp\/v2\/posts\/417\/revisions\/421"}],"wp:featuredmedia":[{"embeddable":true,"href":"https:\/\/firma-markus-schwarz.de\/index.php?rest_route=\/wp\/v2\/media\/418"}],"wp:attachment":[{"href":"https:\/\/firma-markus-schwarz.de\/index.php?rest_route=%2Fwp%2Fv2%2Fmedia&parent=417"}],"wp:term":[{"taxonomy":"category","embeddable":true,"href":"https:\/\/firma-markus-schwarz.de\/index.php?rest_route=%2Fwp%2Fv2%2Fcategories&post=417"},{"taxonomy":"post_tag","embeddable":true,"href":"https:\/\/firma-markus-schwarz.de\/index.php?rest_route=%2Fwp%2Fv2%2Ftags&post=417"}],"curies":[{"name":"wp","href":"https:\/\/api.w.org\/{rel}","templated":true}]}}